{"id":2306,"date":"2023-10-13T21:33:19","date_gmt":"2023-10-13T21:33:19","guid":{"rendered":"https:\/\/stcmedios.com\/?p=2306"},"modified":"2023-10-13T21:33:19","modified_gmt":"2023-10-13T21:33:19","slug":"inicio-de-gastrofestccb-2023","status":"publish","type":"post","link":"https:\/\/stcmedios.com\/index.php\/2023\/10\/13\/inicio-de-gastrofestccb-2023\/","title":{"rendered":"Inicio de #GastrofestCCB. 2023"},"content":{"rendered":"<p><div class='wpo_youtube_preview_container'><img src=\"https:\/\/stcmedios.com\/wp-content\/cache\/wpo-youtube-thumbnails\/8HMyYZbC6dA-maxresdefault.jpg\" class=\"wpo_youtube_preview\" data-video-url=\"https:\/\/www.youtube.com\/embed\/8HMyYZbC6dA?feature=oembed\" alt=\"YouTube thumbnail\" data-iframe-attr=\"{&quot;loading&quot;:&quot;lazy&quot;,&quot;title&quot;:&quot;Inicio de #GastrofestCCB. 2023&quot;,&quot;width&quot;:&quot;640&quot;,&quot;height&quot;:&quot;360&quot;,&quot;src&quot;:&quot;https:\\\/\\\/www.youtube.com\\\/embed\\\/8HMyYZbC6dA?feature=oembed&quot;,&quot;frameborder&quot;:&quot;0&quot;,&quot;allow&quot;:&quot;accelerometer; autoplay; clipboard-write; encrypted-media; gyroscope; picture-in-picture; web-share&quot;,&quot;referrerpolicy&quot;:&quot;strict-origin-when-cross-origin&quot;,&quot;allowfullscreen&quot;:&quot;&quot;}\"\/><span class=\"wpo_youtube_preview_overlay\"><img src=\"https:\/\/stcmedios.com\/wp-content\/plugins\/wp-optimize-premium\/images\/icon\/icons8-youtube-96.svg\" alt=\"YouTube icon\"\/><\/span><\/div><\/p>\n<div dir=\"auto\">Realizamos el primer encuentro presencial con los 140 establecimientos gastron\u00f3micos finalistas de la 2\u1d43 edici\u00f3n de <a class=\"x1i10hfl xjbqb8w x6umtig x1b1mbwd xaqea5y xav7gou x9f619 x1ypdohk xt0psk2 xe8uvvx xdj266r x11i5rnm xat24cr x1mh8g0r xexx8yu x4uap5 x18d9i69 xkhd6sd x16tdsg8 x1hl2dhg xggy1nq x1a2a7pz xt0b8zv x1qq9wsj xo1l8bm\" tabindex=\"0\" role=\"link\" href=\"https:\/\/www.facebook.com\/hashtag\/gastrofestccb?__eep__=6&amp;__cft__[0]=AZUUuSKyHMerDS-lGcPn5vjQxfEodcPEcvSo3F_V6_Ta9hYBsONozpRu6_mpX3wA3-5t2um8QdPWvM31AoUr8fz2pfp5oYOCjnv2Dk1WLybBt-SvZ_kVIcVQ9rlo2Czewz-qdSpa0AVD6qyHRYs2G2vzKf3KjH91NPV-O2HgmMIrODKyOgrRD5iEuZJCy8E-DGU&amp;__tn__=*NK-R\">#GastrofestCCB<\/a>.<\/div>\n<div dir=\"auto\"><span class=\"x3nfvp2 x1j61x8r x1fcty0u xdj266r xhhsvwb xat24cr xgzva0m xxymvpz xlup9mm x1kky2od\"><img loading=\"lazy\" decoding=\"async\" src=\"data:image\/gif;base64,R0lGODlhAQABAAAAACH5BAEKAAEALAAAAAABAAEAAAICTAEAOw==\" alt=\"\u27a1\ufe0f\" width=\"16\" height=\"16\" class=\"lazyload\" data-src=\"https:\/\/static.xx.fbcdn.net\/images\/emoji.php\/v9\/t9e\/1\/16\/27a1.png\"><\/span> 100 empresas en Bogot\u00e1 y 40 en la regi\u00f3n de Sabana Centro ser\u00e1n parte de este Festival Gastron\u00f3mico de la C\u00e1mara de Comercio de Bogot\u00e1.<\/div>\n<div dir=\"auto\">Con este festival buscamos impulsar, promover y desarrollar la gastronom\u00eda, el turismo como sectores estrat\u00e9gicos de la econom\u00eda de Bogot\u00e1 y la regi\u00f3n. . En pro de fortalecer estos negocios, los finalistas contar\u00e1n con acompa\u00f1amiento t\u00e9cnico, especializado y oferta gastron\u00f3mica. Juan Carlos Gonzalez Vergara, Vicepresidente de Competitividad nos cuenta m\u00e1s.<\/div>\n<div dir=\"auto\">Aqu\u00ed algunos datos sobre el proceso de convocatoria. <span class=\"x3nfvp2 x1j61x8r x1fcty0u xdj266r xhhsvwb xat24cr xgzva0m xxymvpz xlup9mm x1kky2od\"><img loading=\"lazy\" decoding=\"async\" src=\"data:image\/gif;base64,R0lGODlhAQABAAAAACH5BAEKAAEALAAAAAABAAEAAAICTAEAOw==\" alt=\"\ud83d\udc47\" width=\"16\" height=\"16\" class=\"lazyload\" data-src=\"https:\/\/static.xx.fbcdn.net\/images\/emoji.php\/v9\/t4f\/1\/16\/1f447.png\"><\/span><\/div>\n<div dir=\"auto\"><span class=\"x3nfvp2 x1j61x8r x1fcty0u xdj266r xhhsvwb xat24cr xgzva0m xxymvpz xlup9mm x1kky2od\"><img loading=\"lazy\" decoding=\"async\" src=\"data:image\/gif;base64,R0lGODlhAQABAAAAACH5BAEKAAEALAAAAAABAAEAAAICTAEAOw==\" alt=\"\u2705\" width=\"16\" height=\"16\" class=\"lazyload\" data-src=\"https:\/\/static.xx.fbcdn.net\/images\/emoji.php\/v9\/t33\/1\/16\/2705.png\"><\/span> Se realizaron 549 procesos de postulaci\u00f3n.<\/div>\n<div dir=\"auto\"><span class=\"x3nfvp2 x1j61x8r x1fcty0u xdj266r xhhsvwb xat24cr xgzva0m xxymvpz xlup9mm x1kky2od\"><img loading=\"lazy\" decoding=\"async\" src=\"data:image\/gif;base64,R0lGODlhAQABAAAAACH5BAEKAAEALAAAAAABAAEAAAICTAEAOw==\" alt=\"\u2705\" width=\"16\" height=\"16\" class=\"lazyload\" data-src=\"https:\/\/static.xx.fbcdn.net\/images\/emoji.php\/v9\/t33\/1\/16\/2705.png\"><\/span>314 postulaciones finalizaron su proceso de registro con exito.<\/div>\n<div dir=\"auto\"><span class=\"x3nfvp2 x1j61x8r x1fcty0u xdj266r xhhsvwb xat24cr xgzva0m xxymvpz xlup9mm x1kky2od\"><img loading=\"lazy\" decoding=\"async\" src=\"data:image\/gif;base64,R0lGODlhAQABAAAAACH5BAEKAAEALAAAAAABAAEAAAICTAEAOw==\" alt=\"\u2705\" width=\"16\" height=\"16\" class=\"lazyload\" data-src=\"https:\/\/static.xx.fbcdn.net\/images\/emoji.php\/v9\/t33\/1\/16\/2705.png\"><\/span> En regi\u00f3n, participaron establecimientos de los 11 municipios en Sabana Centro.<\/div>\n","protected":false},"excerpt":{"rendered":"<p>Realizamos el primer encuentro presencial con los 140 establecimientos gastron\u00f3micos finalistas de la 2\u1d43 edici\u00f3n de #GastrofestCCB. 100 empresas en Bogot\u00e1 y 40 en la regi\u00f3n de Sabana Centro ser\u00e1n parte de este Festival Gastron\u00f3mico de la C\u00e1mara de Comercio de Bogot\u00e1. Con este festival buscamos impulsar, promover y desarrollar la gastronom\u00eda, el turismo como [&hellip;]<\/p>\n","protected":false},"author":1,"featured_media":2307,"comment_status":"open","ping_status":"open","sticky":false,"template":"","format":"standard","meta":{"rop_custom_images_group":[],"rop_custom_messages_group":[],"rop_publish_now":"initial","rop_publish_now_accounts":{"facebook_1821922728178256_102311254498371":""},"rop_publish_now_history":[],"rop_publish_now_status":"pending","footnotes":""},"categories":[5],"tags":[],"class_list":["post-2306","post","type-post","status-publish","format-standard","has-post-thumbnail","hentry","category-cultura"],"_links":{"self":[{"href":"https:\/\/stcmedios.com\/index.php\/wp-json\/wp\/v2\/posts\/2306","targetHints":{"allow":["GET"]}}],"collection":[{"href":"https:\/\/stcmedios.com\/index.php\/wp-json\/wp\/v2\/posts"}],"about":[{"href":"https:\/\/stcmedios.com\/index.php\/wp-json\/wp\/v2\/types\/post"}],"author":[{"embeddable":true,"href":"https:\/\/stcmedios.com\/index.php\/wp-json\/wp\/v2\/users\/1"}],"replies":[{"embeddable":true,"href":"https:\/\/stcmedios.com\/index.php\/wp-json\/wp\/v2\/comments?post=2306"}],"version-history":[{"count":0,"href":"https:\/\/stcmedios.com\/index.php\/wp-json\/wp\/v2\/posts\/2306\/revisions"}],"wp:featuredmedia":[{"embeddable":true,"href":"https:\/\/stcmedios.com\/index.php\/wp-json\/wp\/v2\/media\/2307"}],"wp:attachment":[{"href":"https:\/\/stcmedios.com\/index.php\/wp-json\/wp\/v2\/media?parent=2306"}],"wp:term":[{"taxonomy":"category","embeddable":true,"href":"https:\/\/stcmedios.com\/index.php\/wp-json\/wp\/v2\/categories?post=2306"},{"taxonomy":"post_tag","embeddable":true,"href":"https:\/\/stcmedios.com\/index.php\/wp-json\/wp\/v2\/tags?post=2306"}],"curies":[{"name":"wp","href":"https:\/\/api.w.org\/{rel}","templated":true}]}}