{"id":2194,"date":"2023-10-10T15:56:42","date_gmt":"2023-10-10T15:56:42","guid":{"rendered":"https:\/\/stcmedios.com\/?p=2194"},"modified":"2023-10-10T15:56:42","modified_gmt":"2023-10-10T15:56:42","slug":"jornada-de-vacunacion-antirrabica-en-cogua","status":"publish","type":"post","link":"https:\/\/stcmedios.com\/index.php\/2023\/10\/10\/jornada-de-vacunacion-antirrabica-en-cogua\/","title":{"rendered":"Jornada de Vacunaci\u00f3n Antirr\u00e1bica en Cogua"},"content":{"rendered":"<p>La pr\u00f3xima Jornada de Vacunaci\u00f3n Antirr\u00e1bica en el municipio se realizar\u00e1 en las fechas dispuestas por la Alcald\u00eda de Cogua a trav\u00e9s de la Gerencia de Desarrollo Econ\u00f3mico y Ambiental.<\/p>\n<p>Vereda Patasica, mi\u00e9rcoles 11 de octubre de 2023:<\/p>\n<ul>\n<li>Sal\u00f3n Comunal (Punto fijo).<\/li>\n<li>Sector La Lecher\u00eda (Punto Fijo).<\/li>\n<li>Sector La Escuela (Punto Fijo).<\/li>\n<\/ul>\n<p>La Alcald\u00eda de Cogua, comenta: \u201cLa rabia es una enfermedad mortal, pero se puede prevenir mediante la vacunaci\u00f3n; la dosis se debe aplicar cada a\u00f1o y el servicio no tiene costo\u201d.<\/p>\n<p>Adicionalmente, la entidad se\u00f1ala que en esta ocasi\u00f3n se coordinar\u00e1 con la Unidad Funcional Zipaquir\u00e1 de la E.S.E Hospital Universitario de la Samaritana.<\/p>\n<p><img loading=\"lazy\" decoding=\"async\" class=\" wp-image-2199 aligncenter\" src=\"https:\/\/stcmedios.com\/wp-content\/uploads\/2023\/10\/382784976_862388702114003_8017366212286536081_n-276x300.jpg\" alt=\"\" width=\"369\" height=\"401\" srcset=\"https:\/\/stcmedios.com\/wp-content\/uploads\/2023\/10\/382784976_862388702114003_8017366212286536081_n-276x300.jpg 276w, https:\/\/stcmedios.com\/wp-content\/uploads\/2023\/10\/382784976_862388702114003_8017366212286536081_n-943x1024.jpg 943w, https:\/\/stcmedios.com\/wp-content\/uploads\/2023\/10\/382784976_862388702114003_8017366212286536081_n-768x834.jpg 768w, https:\/\/stcmedios.com\/wp-content\/uploads\/2023\/10\/382784976_862388702114003_8017366212286536081_n-1414x1536.jpg 1414w, https:\/\/stcmedios.com\/wp-content\/uploads\/2023\/10\/382784976_862388702114003_8017366212286536081_n.jpg 1753w\" sizes=\"auto, (max-width: 369px) 100vw, 369px\" \/><\/p>\n<p>Por: Paula Alfonso<\/p>\n<p>Comunicadora \u2013 Periodista<\/p>\n<p>Fuente e imagen: Alcald\u00eda de Cogua<\/p>\n<p>Imagen de referencia: Foto de Snapwire: <a href=\"https:\/\/www.pexels.com\/es-es\/foto\/amor-amigos-animal-beso-46024\/\">https:\/\/www.pexels.com\/es-es\/foto\/amor-amigos-animal-beso-46024\/<\/a><\/p>\n","protected":false},"excerpt":{"rendered":"<p>La pr\u00f3xima Jornada de Vacunaci\u00f3n Antirr\u00e1bica en el municipio se realizar\u00e1 en las fechas dispuestas por la Alcald\u00eda de Cogua a trav\u00e9s de la Gerencia de Desarrollo Econ\u00f3mico y Ambiental. Vereda Patasica, mi\u00e9rcoles 11 de octubre de 2023: Sal\u00f3n Comunal (Punto fijo). Sector La Lecher\u00eda (Punto Fijo). Sector La Escuela (Punto Fijo). La Alcald\u00eda de [&hellip;]<\/p>\n","protected":false},"author":1,"featured_media":2196,"comment_status":"open","ping_status":"open","sticky":false,"template":"","format":"standard","meta":{"rop_custom_images_group":[],"rop_custom_messages_group":[],"rop_publish_now":"initial","rop_publish_now_accounts":{"facebook_1821922728178256_102311254498371":""},"rop_publish_now_history":[],"rop_publish_now_status":"pending","footnotes":""},"categories":[4],"tags":[191,255,256],"class_list":["post-2194","post","type-post","status-publish","format-standard","has-post-thumbnail","hentry","category-prensa","tag-cogua","tag-perros-y-gatos","tag-vacunacion-antirrabica"],"_links":{"self":[{"href":"https:\/\/stcmedios.com\/index.php\/wp-json\/wp\/v2\/posts\/2194","targetHints":{"allow":["GET"]}}],"collection":[{"href":"https:\/\/stcmedios.com\/index.php\/wp-json\/wp\/v2\/posts"}],"about":[{"href":"https:\/\/stcmedios.com\/index.php\/wp-json\/wp\/v2\/types\/post"}],"author":[{"embeddable":true,"href":"https:\/\/stcmedios.com\/index.php\/wp-json\/wp\/v2\/users\/1"}],"replies":[{"embeddable":true,"href":"https:\/\/stcmedios.com\/index.php\/wp-json\/wp\/v2\/comments?post=2194"}],"version-history":[{"count":0,"href":"https:\/\/stcmedios.com\/index.php\/wp-json\/wp\/v2\/posts\/2194\/revisions"}],"wp:featuredmedia":[{"embeddable":true,"href":"https:\/\/stcmedios.com\/index.php\/wp-json\/wp\/v2\/media\/2196"}],"wp:attachment":[{"href":"https:\/\/stcmedios.com\/index.php\/wp-json\/wp\/v2\/media?parent=2194"}],"wp:term":[{"taxonomy":"category","embeddable":true,"href":"https:\/\/stcmedios.com\/index.php\/wp-json\/wp\/v2\/categories?post=2194"},{"taxonomy":"post_tag","embeddable":true,"href":"https:\/\/stcmedios.com\/index.php\/wp-json\/wp\/v2\/tags?post=2194"}],"curies":[{"name":"wp","href":"https:\/\/api.w.org\/{rel}","templated":true}]}}