{"id":1964,"date":"2023-09-22T18:34:48","date_gmt":"2023-09-22T18:34:48","guid":{"rendered":"https:\/\/stcmedios.com\/?p=1964"},"modified":"2023-09-22T18:34:48","modified_gmt":"2023-09-22T18:34:48","slug":"zipaquira-tendra-centro-cultural-y-de-convenciones-tierra-de-artistas","status":"publish","type":"post","link":"https:\/\/stcmedios.com\/index.php\/2023\/09\/22\/zipaquira-tendra-centro-cultural-y-de-convenciones-tierra-de-artistas\/","title":{"rendered":"Zipaquir\u00e1 tendr\u00e1 centro cultural y de convenciones \u201cTierra de Artistas\u201d"},"content":{"rendered":"<p>En un plazo de 24 meses el proyecto deber\u00e1 estar terminado.<\/p>\n<p>La primera piedra del proyecto \u201cCentro Cultural y de Convenciones Tierra de Artistas\u201d, fue puesta por Wilson Garc\u00eda, alcalde del municipio de Zipaquir\u00e1, y Nicol\u00e1s Garc\u00eda, gobernador de Cundinamarca, este jueves, 21 de septiembre.<\/p>\n<p>Esta obra, se construir\u00e1 en un terreno junto a la Plaza de Ferias a un costado de la Avenida Industrial, con una superficie total de 25.522 metros cuadrados, de los cuales 13.500 m2 se destinar\u00e1n a zonas verdes.<\/p>\n<p>El proyecto de dos niveles contar\u00e1 con la mejor tecnolog\u00eda e infraestructura, incluyendo aula de m\u00fasica, estudio de grabaci\u00f3n, estudio de danza, teatro, biblioteca, escultura, \u00e1rea para la primera infancia, sala de lectura, lobby de conferencias y un auditorio con capacidad para mil personas. Tambi\u00e9n contar\u00e1 con cafeter\u00eda, \u00e1rea comercial, aula de usos m\u00faltiples y terraza.<\/p>\n<p>&nbsp;<\/p>\n<p>Por: Paula Alfonso<\/p>\n<p>Comunicadora \u2013 Periodista<\/p>\n<p>Fuente: Gente Activa Comunicaciones<\/p>\n<p>Imagen: Alcald\u00eda de Zipaquir\u00e1<\/p>\n","protected":false},"excerpt":{"rendered":"<p>En un plazo de 24 meses el proyecto deber\u00e1 estar terminado. La primera piedra del proyecto \u201cCentro Cultural y de Convenciones Tierra de Artistas\u201d, fue puesta por Wilson Garc\u00eda, alcalde del municipio de Zipaquir\u00e1, y Nicol\u00e1s Garc\u00eda, gobernador de Cundinamarca, este jueves, 21 de septiembre. Esta obra, se construir\u00e1 en un terreno junto a la [&hellip;]<\/p>\n","protected":false},"author":1,"featured_media":1965,"comment_status":"open","ping_status":"open","sticky":false,"template":"","format":"standard","meta":{"rop_custom_images_group":[],"rop_custom_messages_group":[],"rop_publish_now":"initial","rop_publish_now_accounts":{"facebook_1821922728178256_102311254498371":""},"rop_publish_now_history":[],"rop_publish_now_status":"pending","footnotes":""},"categories":[4],"tags":[199,97,17,125],"class_list":["post-1964","post","type-post","status-publish","format-standard","has-post-thumbnail","hentry","category-prensa","tag-centro-de-convenciones","tag-cultura","tag-cundinamarca","tag-zipaquira"],"_links":{"self":[{"href":"https:\/\/stcmedios.com\/index.php\/wp-json\/wp\/v2\/posts\/1964","targetHints":{"allow":["GET"]}}],"collection":[{"href":"https:\/\/stcmedios.com\/index.php\/wp-json\/wp\/v2\/posts"}],"about":[{"href":"https:\/\/stcmedios.com\/index.php\/wp-json\/wp\/v2\/types\/post"}],"author":[{"embeddable":true,"href":"https:\/\/stcmedios.com\/index.php\/wp-json\/wp\/v2\/users\/1"}],"replies":[{"embeddable":true,"href":"https:\/\/stcmedios.com\/index.php\/wp-json\/wp\/v2\/comments?post=1964"}],"version-history":[{"count":0,"href":"https:\/\/stcmedios.com\/index.php\/wp-json\/wp\/v2\/posts\/1964\/revisions"}],"wp:featuredmedia":[{"embeddable":true,"href":"https:\/\/stcmedios.com\/index.php\/wp-json\/wp\/v2\/media\/1965"}],"wp:attachment":[{"href":"https:\/\/stcmedios.com\/index.php\/wp-json\/wp\/v2\/media?parent=1964"}],"wp:term":[{"taxonomy":"category","embeddable":true,"href":"https:\/\/stcmedios.com\/index.php\/wp-json\/wp\/v2\/categories?post=1964"},{"taxonomy":"post_tag","embeddable":true,"href":"https:\/\/stcmedios.com\/index.php\/wp-json\/wp\/v2\/tags?post=1964"}],"curies":[{"name":"wp","href":"https:\/\/api.w.org\/{rel}","templated":true}]}}