{"id":1678,"date":"2023-08-04T18:04:49","date_gmt":"2023-08-04T18:04:49","guid":{"rendered":"https:\/\/stcmedios.com\/?p=1678"},"modified":"2023-08-04T18:04:49","modified_gmt":"2023-08-04T18:04:49","slug":"ponal-de-tunja-desmiente-rapto-infantil-en-esta-ciudad","status":"publish","type":"post","link":"https:\/\/stcmedios.com\/index.php\/2023\/08\/04\/ponal-de-tunja-desmiente-rapto-infantil-en-esta-ciudad\/","title":{"rendered":"PONAL de Tunja, desmiente Rapto Infantil en esta Ciudad."},"content":{"rendered":"<p><div class='wpo_youtube_preview_container'><img src=\"https:\/\/stcmedios.com\/wp-content\/cache\/wpo-youtube-thumbnails\/Wpnz6Hjydxs-hqdefault.jpg\" class=\"wpo_youtube_preview\" data-video-url=\"https:\/\/www.youtube.com\/embed\/Wpnz6Hjydxs?feature=oembed\" alt=\"YouTube thumbnail\" data-iframe-attr=\"{&quot;loading&quot;:&quot;lazy&quot;,&quot;title&quot;:&quot;PONAL de Tunja, desmiente rapto infantil en esta Ciudad.&quot;,&quot;width&quot;:&quot;640&quot;,&quot;height&quot;:&quot;480&quot;,&quot;src&quot;:&quot;https:\\\/\\\/www.youtube.com\\\/embed\\\/Wpnz6Hjydxs?feature=oembed&quot;,&quot;frameborder&quot;:&quot;0&quot;,&quot;allow&quot;:&quot;accelerometer; autoplay; clipboard-write; encrypted-media; gyroscope; picture-in-picture; web-share&quot;,&quot;referrerpolicy&quot;:&quot;strict-origin-when-cross-origin&quot;,&quot;allowfullscreen&quot;:&quot;&quot;}\"\/><span class=\"wpo_youtube_preview_overlay\"><img src=\"https:\/\/stcmedios.com\/wp-content\/plugins\/wp-optimize-premium\/images\/icon\/icons8-youtube-96.svg\" alt=\"YouTube icon\"\/><\/span><\/div><\/p>\n<p>#stcmedios II Seguridad. Estamos en Tunja.<\/p>\n<p>PONAL de Tunja, desmiente rapto infantil en esta Ciudad.<\/p>\n<p>El Mayor de la Polic\u00eda Jorge Eduardo Pe\u00f1a Comandante Distrito 1 de la Ciudad de Tunja, informa a la comunidad que es falso que se est\u00e9 llevando a cabo el delito de rapto infantil en esta zona de Cundinamarca.<\/p>\n<p>Por: Cesar Fern\u00e1ndez.<\/p>\n<p>Comunicador-Periodista.<\/p>\n<p>Fuente: Prensa PONAL Tunja.<\/p>\n<p>STC Medios, est\u00e1 informando.<\/p>\n","protected":false},"excerpt":{"rendered":"<p>#stcmedios II Seguridad. Estamos en Tunja. PONAL de Tunja, desmiente rapto infantil en esta Ciudad. El Mayor de la Polic\u00eda Jorge Eduardo Pe\u00f1a Comandante Distrito 1 de la Ciudad de Tunja, informa a la comunidad que es falso que se est\u00e9 llevando a cabo el delito de rapto infantil en esta zona de Cundinamarca. Por: [&hellip;]<\/p>\n","protected":false},"author":1,"featured_media":1679,"comment_status":"open","ping_status":"open","sticky":false,"template":"","format":"standard","meta":{"rop_custom_images_group":[],"rop_custom_messages_group":[],"rop_publish_now":"initial","rop_publish_now_accounts":{"facebook_1821922728178256_102311254498371":""},"rop_publish_now_history":[],"rop_publish_now_status":"pending","footnotes":""},"categories":[5],"tags":[17,171,15,184],"class_list":["post-1678","post","type-post","status-publish","format-standard","has-post-thumbnail","hentry","category-cultura","tag-cundinamarca","tag-seguridad","tag-stcmedios","tag-tunja"],"_links":{"self":[{"href":"https:\/\/stcmedios.com\/index.php\/wp-json\/wp\/v2\/posts\/1678","targetHints":{"allow":["GET"]}}],"collection":[{"href":"https:\/\/stcmedios.com\/index.php\/wp-json\/wp\/v2\/posts"}],"about":[{"href":"https:\/\/stcmedios.com\/index.php\/wp-json\/wp\/v2\/types\/post"}],"author":[{"embeddable":true,"href":"https:\/\/stcmedios.com\/index.php\/wp-json\/wp\/v2\/users\/1"}],"replies":[{"embeddable":true,"href":"https:\/\/stcmedios.com\/index.php\/wp-json\/wp\/v2\/comments?post=1678"}],"version-history":[{"count":0,"href":"https:\/\/stcmedios.com\/index.php\/wp-json\/wp\/v2\/posts\/1678\/revisions"}],"wp:featuredmedia":[{"embeddable":true,"href":"https:\/\/stcmedios.com\/index.php\/wp-json\/wp\/v2\/media\/1679"}],"wp:attachment":[{"href":"https:\/\/stcmedios.com\/index.php\/wp-json\/wp\/v2\/media?parent=1678"}],"wp:term":[{"taxonomy":"category","embeddable":true,"href":"https:\/\/stcmedios.com\/index.php\/wp-json\/wp\/v2\/categories?post=1678"},{"taxonomy":"post_tag","embeddable":true,"href":"https:\/\/stcmedios.com\/index.php\/wp-json\/wp\/v2\/tags?post=1678"}],"curies":[{"name":"wp","href":"https:\/\/api.w.org\/{rel}","templated":true}]}}