{"id":1644,"date":"2023-07-28T13:37:21","date_gmt":"2023-07-28T13:37:21","guid":{"rendered":"https:\/\/stcmedios.com\/?p=1644"},"modified":"2023-07-28T13:39:47","modified_gmt":"2023-07-28T13:39:47","slug":"se-anuncio-formalmente-el-inicio-de-obras-en-el-hospital-san-antonio-en-chia-con-mas-de-82-000-millones","status":"publish","type":"post","link":"https:\/\/stcmedios.com\/index.php\/2023\/07\/28\/se-anuncio-formalmente-el-inicio-de-obras-en-el-hospital-san-antonio-en-chia-con-mas-de-82-000-millones\/","title":{"rendered":"Se anunci\u00f3 formalmente el inicio de obras en el Hospital San Antonio en Ch\u00eda, con m\u00e1s de $82.000 millones"},"content":{"rendered":"<p>Durante una reuni\u00f3n en el hospital, el Gobernador de Cundinamarca, Nicol\u00e1s Garc\u00eda Bustos y el secretario de salud del departamento anunciaron la ejecuci\u00f3n del proyecto, cuya infraestructura ser\u00e1 mejorada significativamente para brindar los mejores servicios de salud posibles, tanto para la gente de Ch\u00eda como para las comunidades cercanas.<\/p>\n<p>M\u00e1s de 500.000 habitantes de Sabana Centro acceder\u00e1n a nuevos servicios gracias a una inversi\u00f3n de m\u00e1s de $82.046 millones en\u00a0la ESE Hospital San Antonio de\u00a0Ch\u00eda. Los nuevos servicios ser\u00e1n:<\/p>\n<ul>\n<li>14 consultorios para consulta externa.<\/li>\n<li>Secci\u00f3n de urgencias.<\/li>\n<li>Instalaciones de internaci\u00f3n con 53 camas para hospitalizaci\u00f3n adulto, 20 camas; pedi\u00e1tricas, 10; salud mental, 10; paciente cr\u00f3nico sin ventilador, 5; y cuidados intermedios adultos, 8 camas.<\/li>\n<li>Grupo quir\u00fargico, 3 salas de cirug\u00eda.<\/li>\n<li>Secci\u00f3n para grupo apoyo diagn\u00f3stico y complementaci\u00f3n terap\u00e9utica.<\/li>\n<li>Secci\u00f3n de hospitalizaci\u00f3n para salud mental y unidad de cuidados intermedios.<\/li>\n<li>Espacio para consulta externa en dermatolog\u00eda, cardiolog\u00eda, gastroenterolog\u00eda, neurolog\u00eda y neumolog\u00eda.<\/li>\n<\/ul>\n<p>\u201cEstamos muy felices de suscribir este contrato por cerca de $83 mil millones en infraestructura de salud para esta ciudad, para los habitantes de este municipio, proyecto que se suma a muchas otras obras y a un trabajo grande que hemos hecho con el alcalde Luis Carlos Segura\u201d, coment\u00f3 el gobernador.<\/p>\n<p>Luis Carlos Segura, alcalde de Ch\u00eda, Natalia Ojeda, gerente del hospital, y Luis Efra\u00edn Fern\u00e1ndez, secretario de salud local, participaron del acto de inicio de las obras.<\/p>\n<p>&nbsp;<\/p>\n<p>Por: Paula Andrea Alfonso<\/p>\n<p>Comunicadora \u2013 Periodista<\/p>\n<p>Fuente e imagen: Eco de Cundinamarca<\/p>\n","protected":false},"excerpt":{"rendered":"<p>Durante una reuni\u00f3n en el hospital, el Gobernador de Cundinamarca, Nicol\u00e1s Garc\u00eda Bustos y el secretario de salud del departamento anunciaron la ejecuci\u00f3n del proyecto, cuya infraestructura ser\u00e1 mejorada significativamente para brindar los mejores servicios de salud posibles, tanto para la gente de Ch\u00eda como para las comunidades cercanas. M\u00e1s de 500.000 habitantes de Sabana [&hellip;]<\/p>\n","protected":false},"author":1,"featured_media":1645,"comment_status":"open","ping_status":"open","sticky":false,"template":"","format":"standard","meta":{"rop_custom_images_group":[],"rop_custom_messages_group":[],"rop_publish_now":"initial","rop_publish_now_accounts":{"facebook_1821922728178256_102311254498371":""},"rop_publish_now_history":[],"rop_publish_now_status":"pending","footnotes":""},"categories":[4],"tags":[28,17,180,117],"class_list":["post-1644","post","type-post","status-publish","format-standard","has-post-thumbnail","hentry","category-prensa","tag-chia","tag-cundinamarca","tag-hospital","tag-salud"],"_links":{"self":[{"href":"https:\/\/stcmedios.com\/index.php\/wp-json\/wp\/v2\/posts\/1644","targetHints":{"allow":["GET"]}}],"collection":[{"href":"https:\/\/stcmedios.com\/index.php\/wp-json\/wp\/v2\/posts"}],"about":[{"href":"https:\/\/stcmedios.com\/index.php\/wp-json\/wp\/v2\/types\/post"}],"author":[{"embeddable":true,"href":"https:\/\/stcmedios.com\/index.php\/wp-json\/wp\/v2\/users\/1"}],"replies":[{"embeddable":true,"href":"https:\/\/stcmedios.com\/index.php\/wp-json\/wp\/v2\/comments?post=1644"}],"version-history":[{"count":0,"href":"https:\/\/stcmedios.com\/index.php\/wp-json\/wp\/v2\/posts\/1644\/revisions"}],"wp:featuredmedia":[{"embeddable":true,"href":"https:\/\/stcmedios.com\/index.php\/wp-json\/wp\/v2\/media\/1645"}],"wp:attachment":[{"href":"https:\/\/stcmedios.com\/index.php\/wp-json\/wp\/v2\/media?parent=1644"}],"wp:term":[{"taxonomy":"category","embeddable":true,"href":"https:\/\/stcmedios.com\/index.php\/wp-json\/wp\/v2\/categories?post=1644"},{"taxonomy":"post_tag","embeddable":true,"href":"https:\/\/stcmedios.com\/index.php\/wp-json\/wp\/v2\/tags?post=1644"}],"curies":[{"name":"wp","href":"https:\/\/api.w.org\/{rel}","templated":true}]}}