{"id":1619,"date":"2023-07-26T15:13:16","date_gmt":"2023-07-26T15:13:16","guid":{"rendered":"https:\/\/stcmedios.com\/?p=1619"},"modified":"2023-07-26T15:39:00","modified_gmt":"2023-07-26T15:39:00","slug":"ataque-cibernetico-a-pagina-oficial-de-la-alcaldia-de-chia","status":"publish","type":"post","link":"https:\/\/stcmedios.com\/index.php\/2023\/07\/26\/ataque-cibernetico-a-pagina-oficial-de-la-alcaldia-de-chia\/","title":{"rendered":"Ataque cibern\u00e9tico a p\u00e1gina oficial en Facebook de la Alcald\u00eda de Ch\u00eda"},"content":{"rendered":"<p>A las 12:48 p.m., del d\u00eda 26 de julio del 2023, el alcalde de Ch\u00eda, Luis Carlos Segura, inform\u00f3 a trav\u00e9s de su perfil personal en Facebook, que sobre las 11:30 p.m., la p\u00e1gina de la administraci\u00f3n municipal en Facebook, principalmente el fanpage, hab\u00eda recibido un ataque cibern\u00e9tico en el cual est\u00e1n borrando la informaci\u00f3n de la p\u00e1gina.<\/p>\n<p>El mandatario anunci\u00f3 que desde el primer instante que se percataron de la situaci\u00f3n, la oficina de prensa y la oficina de las Tecnolog\u00edas de la Informaci\u00f3n y las Comunicaciones (TIC), han estado trabajando para poder recuperar la p\u00e1gina que est\u00e1 autenticada ante Facebook y as\u00ed poder recuperar la informaci\u00f3n.<\/p>\n<p>\u201cInvitamos en estas \u00e9pocas electorales a que haya transparencia de parte de cada uno de los candidatos y de las personas que aspiran a los diferentes cargos de elecci\u00f3n popular, no podemos jugar con la informaci\u00f3n. Este no es un ataque solo a la administraci\u00f3n municipal, sino hacia la ciudadan\u00eda a su derecho a estar informados, por eso buscan desestabilizar este sistema. Nosotros venimos trabajando y estamos desde el momento en que ocurri\u00f3 el incidente haciendo las gestiones y las labores pertinentes ante la compa\u00f1\u00eda Facebook para poder recuperar nuestra cuenta; por lo tanto los invitamos a que nos sigan a trav\u00e9s de nuestro Facebook personal, Luis Carlos segura, a que cualquier informaci\u00f3n que se publique en esa red social no sea tenida en cuenta como informaci\u00f3n oficial de la administraci\u00f3n municipal hasta tanto nos pronunciemos de la recuperaci\u00f3n de nuestra cuenta\u201d, manifest\u00f3 el Luis Carlos Segura, alcalde de Ch\u00eda.<\/p>\n<p>La administraci\u00f3n y respectivas oficinas est\u00e1n trabajando con la Unidad de Delitos Inform\u00e1ticos, adem\u00e1s verificaran si al interior de la administraci\u00f3n hubo alguna situaci\u00f3n que permitiera que este suceso ocurriera; igualmente se realizar\u00e1 la respectiva denuncia ante la Fiscal\u00eda.<\/p>\n<p><div class='wpo_youtube_preview_container'><img src=\"https:\/\/stcmedios.com\/wp-content\/cache\/wpo-youtube-thumbnails\/MB9Sz5GAumE-maxresdefault.jpg\" class=\"wpo_youtube_preview\" data-video-url=\"https:\/\/www.youtube.com\/embed\/MB9Sz5GAumE?feature=oembed\" alt=\"YouTube thumbnail\" data-iframe-attr=\"{&quot;loading&quot;:&quot;lazy&quot;,&quot;title&quot;:&quot;Ataque Cibern\\u00e9tico&quot;,&quot;width&quot;:&quot;640&quot;,&quot;height&quot;:&quot;360&quot;,&quot;src&quot;:&quot;https:\\\/\\\/www.youtube.com\\\/embed\\\/MB9Sz5GAumE?feature=oembed&quot;,&quot;frameborder&quot;:&quot;0&quot;,&quot;allow&quot;:&quot;accelerometer; autoplay; clipboard-write; encrypted-media; gyroscope; picture-in-picture; web-share&quot;,&quot;referrerpolicy&quot;:&quot;strict-origin-when-cross-origin&quot;,&quot;allowfullscreen&quot;:&quot;&quot;}\"\/><span class=\"wpo_youtube_preview_overlay\"><img src=\"https:\/\/stcmedios.com\/wp-content\/plugins\/wp-optimize-premium\/images\/icon\/icons8-youtube-96.svg\" alt=\"YouTube icon\"\/><\/span><\/div><\/p>\n<p>&nbsp;<\/p>\n<p>Por: Paula Andrea Alfonso<\/p>\n<p>Comunicadora \u2013 Periodista<\/p>\n<p>Fuente: Luis Carlos Segura<\/p>\n<p>Imagen de referencia: Iberdrola<\/p>\n<p>&nbsp;<\/p>\n<p>&nbsp;<\/p>\n","protected":false},"excerpt":{"rendered":"<p>A las 12:48 p.m., del d\u00eda 26 de julio del 2023, el alcalde de Ch\u00eda, Luis Carlos Segura, inform\u00f3 a trav\u00e9s de su perfil personal en Facebook, que sobre las 11:30 p.m., la p\u00e1gina de la administraci\u00f3n municipal en Facebook, principalmente el fanpage, hab\u00eda recibido un ataque cibern\u00e9tico en el cual est\u00e1n borrando la informaci\u00f3n [&hellip;]<\/p>\n","protected":false},"author":1,"featured_media":1620,"comment_status":"open","ping_status":"open","sticky":false,"template":"","format":"standard","meta":{"rop_custom_images_group":[],"rop_custom_messages_group":[],"rop_publish_now":"initial","rop_publish_now_accounts":{"facebook_1821922728178256_102311254498371":""},"rop_publish_now_history":[],"rop_publish_now_status":"pending","footnotes":""},"categories":[4],"tags":[174,173,28,175],"class_list":["post-1619","post","type-post","status-publish","format-standard","has-post-thumbnail","hentry","category-prensa","tag-alcaldia-de-chia","tag-ataque-cibernetico","tag-chia","tag-pagina-oficial"],"_links":{"self":[{"href":"https:\/\/stcmedios.com\/index.php\/wp-json\/wp\/v2\/posts\/1619","targetHints":{"allow":["GET"]}}],"collection":[{"href":"https:\/\/stcmedios.com\/index.php\/wp-json\/wp\/v2\/posts"}],"about":[{"href":"https:\/\/stcmedios.com\/index.php\/wp-json\/wp\/v2\/types\/post"}],"author":[{"embeddable":true,"href":"https:\/\/stcmedios.com\/index.php\/wp-json\/wp\/v2\/users\/1"}],"replies":[{"embeddable":true,"href":"https:\/\/stcmedios.com\/index.php\/wp-json\/wp\/v2\/comments?post=1619"}],"version-history":[{"count":0,"href":"https:\/\/stcmedios.com\/index.php\/wp-json\/wp\/v2\/posts\/1619\/revisions"}],"wp:featuredmedia":[{"embeddable":true,"href":"https:\/\/stcmedios.com\/index.php\/wp-json\/wp\/v2\/media\/1620"}],"wp:attachment":[{"href":"https:\/\/stcmedios.com\/index.php\/wp-json\/wp\/v2\/media?parent=1619"}],"wp:term":[{"taxonomy":"category","embeddable":true,"href":"https:\/\/stcmedios.com\/index.php\/wp-json\/wp\/v2\/categories?post=1619"},{"taxonomy":"post_tag","embeddable":true,"href":"https:\/\/stcmedios.com\/index.php\/wp-json\/wp\/v2\/tags?post=1619"}],"curies":[{"name":"wp","href":"https:\/\/api.w.org\/{rel}","templated":true}]}}