{"id":1521,"date":"2023-07-18T15:50:23","date_gmt":"2023-07-18T15:50:23","guid":{"rendered":"https:\/\/stcmedios.com\/?p=1521"},"modified":"2023-07-18T15:59:09","modified_gmt":"2023-07-18T15:59:09","slug":"emergencia-por-avalancha-en-quetame-cundinamarca","status":"publish","type":"post","link":"https:\/\/stcmedios.com\/index.php\/2023\/07\/18\/emergencia-por-avalancha-en-quetame-cundinamarca\/","title":{"rendered":"Emergencia por avalancha en Quetame, Cundinamarca"},"content":{"rendered":"<p>&nbsp;<\/p>\n<p><div class='wpo_youtube_preview_container'><img src=\"https:\/\/stcmedios.com\/wp-content\/cache\/wpo-youtube-thumbnails\/6bljttIipbI-maxresdefault.jpg\" class=\"wpo_youtube_preview\" data-video-url=\"https:\/\/www.youtube.com\/embed\/6bljttIipbI?feature=oembed\" alt=\"YouTube thumbnail\" data-iframe-attr=\"{&quot;loading&quot;:&quot;lazy&quot;,&quot;title&quot;:&quot;Emergencia por avalancha en Quetame, Cundinamarca&quot;,&quot;width&quot;:&quot;640&quot;,&quot;height&quot;:&quot;360&quot;,&quot;src&quot;:&quot;https:\\\/\\\/www.youtube.com\\\/embed\\\/6bljttIipbI?feature=oembed&quot;,&quot;frameborder&quot;:&quot;0&quot;,&quot;allow&quot;:&quot;accelerometer; autoplay; clipboard-write; encrypted-media; gyroscope; picture-in-picture; web-share&quot;,&quot;referrerpolicy&quot;:&quot;strict-origin-when-cross-origin&quot;,&quot;allowfullscreen&quot;:&quot;&quot;}\"\/><span class=\"wpo_youtube_preview_overlay\"><img src=\"https:\/\/stcmedios.com\/wp-content\/plugins\/wp-optimize-premium\/images\/icon\/icons8-youtube-96.svg\" alt=\"YouTube icon\"\/><\/span><\/div><\/p>\n<p>&nbsp;<\/p>\n<p>Una grave emergencia se gener\u00f3 en el corregimiento Naranjal, ubicado en el municipio de Quetame (Cundinamarca). En la madrugada de este martes,18 de julio, luego de fuertes lluvias durante la noche, la quebrada Naranjal present\u00f3 un repentino aumento y posterior avalancha.<\/p>\n<p>Nicol\u00e1s Garc\u00eda, Gobernador de Cundinamarca, para El Tiempo se\u00f1al\u00f3 que hasta el momento se reporta el rescate de 10 cuerpos si vida. Y m\u00e1s de 15 viviendas que fueron arrasadas por la creciente s\u00fabita.<\/p>\n<p>\u00c1lvaro Farf\u00e1n, Delegado Departamental de Bomberos de Cundinamarca, manifest\u00f3 \u201c<br \/>\nDebido a las fuertes precipitaciones presentadas en la tarde y en la noche de ayer, donde se gener\u00f3 afectaci\u00f3n principalmente en la zona oriental del departamento de Cundinamarca sobre las 11:15 de la noche, se presenta una venida torrencial en la vereda el Naranjal, esto en la jurisdicci\u00f3n del municipio de Quetame. De manera inmediata se hace la activaci\u00f3n de todos los organismos de primera respuesta, en donde tenemos personal de Defensa Civil, Bomberos, Cruz Roja, Polic\u00eda Nacional, as\u00ed mismo, tambi\u00e9n de la Concesi\u00f3n Vial, Administraci\u00f3n Municipal y de la Unidad departamental de Gesti\u00f3n de Riesgos. Se hace la evacuaci\u00f3n de aproximadamente treinta y cinco personas, seis lesionados que son remitidos a los diferentes centros asistenciales y al momento tenemos el avistamiento de seis v\u00edctimas fatales. Nos encontramos en este momento realizando un censo para poder establecer si tenemos m\u00e1s personas desaparecidas y otras personas lesionadas.<\/p>\n<p>Adem\u00e1s, se decidi\u00f3 que hasta que se resuelva la emergencia y mejore el clima, el camino hacia el llano permanecer\u00e1 cerrado sin un horario espec\u00edfico de apertura.<\/p>\n<p>El sur de la ciudad est\u00e1 experimentando importantes atascos como consecuencia del cierre de esta v\u00eda. Sin tener una hora para reabrir, los conductores que llegaban al peaje de Naranjal formaban largas filas.<\/p>\n<p>Noticia en desarrollo*<\/p>\n<p>Por: Paula Andrea Alfonso<br \/>\nComunicadora &#8211; Periodista<br \/>\nFuente: \u00daltima Hora Col y Prensa Bomberos de Cundinamarca<\/p>\n","protected":false},"excerpt":{"rendered":"<p>&nbsp; &nbsp; Una grave emergencia se gener\u00f3 en el corregimiento Naranjal, ubicado en el municipio de Quetame (Cundinamarca). En la madrugada de este martes,18 de julio, luego de fuertes lluvias durante la noche, la quebrada Naranjal present\u00f3 un repentino aumento y posterior avalancha. Nicol\u00e1s Garc\u00eda, Gobernador de Cundinamarca, para El Tiempo se\u00f1al\u00f3 que hasta el [&hellip;]<\/p>\n","protected":false},"author":1,"featured_media":1524,"comment_status":"open","ping_status":"open","sticky":false,"template":"","format":"standard","meta":{"rop_custom_images_group":[],"rop_custom_messages_group":[],"rop_publish_now":"initial","rop_publish_now_accounts":{"facebook_1821922728178256_102311254498371":""},"rop_publish_now_history":[],"rop_publish_now_status":"pending","footnotes":""},"categories":[5],"tags":[],"class_list":["post-1521","post","type-post","status-publish","format-standard","has-post-thumbnail","hentry","category-cultura"],"_links":{"self":[{"href":"https:\/\/stcmedios.com\/index.php\/wp-json\/wp\/v2\/posts\/1521","targetHints":{"allow":["GET"]}}],"collection":[{"href":"https:\/\/stcmedios.com\/index.php\/wp-json\/wp\/v2\/posts"}],"about":[{"href":"https:\/\/stcmedios.com\/index.php\/wp-json\/wp\/v2\/types\/post"}],"author":[{"embeddable":true,"href":"https:\/\/stcmedios.com\/index.php\/wp-json\/wp\/v2\/users\/1"}],"replies":[{"embeddable":true,"href":"https:\/\/stcmedios.com\/index.php\/wp-json\/wp\/v2\/comments?post=1521"}],"version-history":[{"count":0,"href":"https:\/\/stcmedios.com\/index.php\/wp-json\/wp\/v2\/posts\/1521\/revisions"}],"wp:featuredmedia":[{"embeddable":true,"href":"https:\/\/stcmedios.com\/index.php\/wp-json\/wp\/v2\/media\/1524"}],"wp:attachment":[{"href":"https:\/\/stcmedios.com\/index.php\/wp-json\/wp\/v2\/media?parent=1521"}],"wp:term":[{"taxonomy":"category","embeddable":true,"href":"https:\/\/stcmedios.com\/index.php\/wp-json\/wp\/v2\/categories?post=1521"},{"taxonomy":"post_tag","embeddable":true,"href":"https:\/\/stcmedios.com\/index.php\/wp-json\/wp\/v2\/tags?post=1521"}],"curies":[{"name":"wp","href":"https:\/\/api.w.org\/{rel}","templated":true}]}}