{"id":1451,"date":"2023-07-12T14:21:43","date_gmt":"2023-07-12T14:21:43","guid":{"rendered":"https:\/\/stcmedios.com\/?p=1451"},"modified":"2023-07-12T14:21:43","modified_gmt":"2023-07-12T14:21:43","slug":"desde-soacha-el-grupo-artistico-amanecer-colombiano-regresa-a-europa","status":"publish","type":"post","link":"https:\/\/stcmedios.com\/index.php\/2023\/07\/12\/desde-soacha-el-grupo-artistico-amanecer-colombiano-regresa-a-europa\/","title":{"rendered":"Desde Soacha el grupo art\u00edstico Amanecer Colombiano regresa a Europa"},"content":{"rendered":"<p>La Corporaci\u00f3n Folcl\u00f3rica Amanecer Colombiano prepara maletas para\u00a0un recorrido art\u00edstico con el objetivo de\u00a0resaltar\u00a0el nombre de su territorio, Soacha, Cundinamarca.<\/p>\n<p>Del\u00a016 de julio al 2\u00a0de agosto, estar\u00e1n de gira por Serbia. Amanecer Colombiano participar\u00e1 en 4 festivales en las ciudades de\u00a0Ni\u0161, \u010ca\u010dak,\u00a0Kraljevo y Kragujevac. El\u00a0Consejo Internacional de Organizaciones de Festivales Folcl\u00f3ricos y Artes Populares,\u00a0grupo afiliado a\u00a0la\u00a0UNESCO, es el encargado de organizar estas actividades.<\/p>\n<p>Este\u00a0jueves 13 de julio, a las\u00a06:00 p.m., el elenco de 30 artistas partir\u00e1 desde el aeropuerto El Dorado de Bogot\u00e1 hacia Belgrado,\u00a0y\u00a0estar\u00e1 de regreso\u00a0el 5 de agosto de 2023. Con\u00a036 a\u00f1os de experiencia, este grupo ha viajado a Europa dos veces,\u00a0en 2016 y 2018.<\/p>\n<p>La directora de Amanecer Colombiano, Aura Cort\u00e9s, manifest\u00f3: \u201cEste es un evento de talla mundial, donde estar\u00e1 lo mejor en folclor de cada pa\u00eds.\u00a0 Llevaremos el repertorio de m\u00fasica y danza de la Regi\u00f3n Andina y de las costas de Colombia; tendremos, por lo menos, 20 presentaciones en todo el recorrido y estaremos acompa\u00f1ados de pa\u00edses como: Turqu\u00eda, Letonia, Chile, Hungr\u00eda, Grecia, Polonia, M\u00e9xico, Italia, Francia, Montenegro, Bulgaria, Palestina, Bosnia Herzegovina, ente otros\u201d.<\/p>\n<p>&nbsp;<\/p>\n<p>Por: Paula Andrea Alfonso<\/p>\n<p>Comunicadora \u2013 Periodista<\/p>\n<p>Fuente e imagen: Gobernaci\u00f3n de Cundinamarca<\/p>\n<p><em>\u00a0<\/em><\/p>\n","protected":false},"excerpt":{"rendered":"<p>La Corporaci\u00f3n Folcl\u00f3rica Amanecer Colombiano prepara maletas para\u00a0un recorrido art\u00edstico con el objetivo de\u00a0resaltar\u00a0el nombre de su territorio, Soacha, Cundinamarca. Del\u00a016 de julio al 2\u00a0de agosto, estar\u00e1n de gira por Serbia. Amanecer Colombiano participar\u00e1 en 4 festivales en las ciudades de\u00a0Ni\u0161, \u010ca\u010dak,\u00a0Kraljevo y Kragujevac. El\u00a0Consejo Internacional de Organizaciones de Festivales Folcl\u00f3ricos y Artes Populares,\u00a0grupo afiliado [&hellip;]<\/p>\n","protected":false},"author":1,"featured_media":1452,"comment_status":"open","ping_status":"open","sticky":false,"template":"","format":"standard","meta":{"rop_custom_images_group":[],"rop_custom_messages_group":[],"rop_publish_now":"initial","rop_publish_now_accounts":{"facebook_1821922728178256_102311254498371":""},"rop_publish_now_history":[],"rop_publish_now_status":"pending","footnotes":""},"categories":[4],"tags":[],"class_list":["post-1451","post","type-post","status-publish","format-standard","has-post-thumbnail","hentry","category-prensa"],"_links":{"self":[{"href":"https:\/\/stcmedios.com\/index.php\/wp-json\/wp\/v2\/posts\/1451","targetHints":{"allow":["GET"]}}],"collection":[{"href":"https:\/\/stcmedios.com\/index.php\/wp-json\/wp\/v2\/posts"}],"about":[{"href":"https:\/\/stcmedios.com\/index.php\/wp-json\/wp\/v2\/types\/post"}],"author":[{"embeddable":true,"href":"https:\/\/stcmedios.com\/index.php\/wp-json\/wp\/v2\/users\/1"}],"replies":[{"embeddable":true,"href":"https:\/\/stcmedios.com\/index.php\/wp-json\/wp\/v2\/comments?post=1451"}],"version-history":[{"count":0,"href":"https:\/\/stcmedios.com\/index.php\/wp-json\/wp\/v2\/posts\/1451\/revisions"}],"wp:featuredmedia":[{"embeddable":true,"href":"https:\/\/stcmedios.com\/index.php\/wp-json\/wp\/v2\/media\/1452"}],"wp:attachment":[{"href":"https:\/\/stcmedios.com\/index.php\/wp-json\/wp\/v2\/media?parent=1451"}],"wp:term":[{"taxonomy":"category","embeddable":true,"href":"https:\/\/stcmedios.com\/index.php\/wp-json\/wp\/v2\/categories?post=1451"},{"taxonomy":"post_tag","embeddable":true,"href":"https:\/\/stcmedios.com\/index.php\/wp-json\/wp\/v2\/tags?post=1451"}],"curies":[{"name":"wp","href":"https:\/\/api.w.org\/{rel}","templated":true}]}}