{"id":1446,"date":"2023-07-11T15:33:45","date_gmt":"2023-07-11T15:33:45","guid":{"rendered":"https:\/\/stcmedios.com\/?p=1446"},"modified":"2023-07-11T15:38:37","modified_gmt":"2023-07-11T15:38:37","slug":"parque-de-la-sal-zipaquira-fue-sede-del-congreso-internacional-de-marketing","status":"publish","type":"post","link":"https:\/\/stcmedios.com\/index.php\/2023\/07\/11\/parque-de-la-sal-zipaquira-fue-sede-del-congreso-internacional-de-marketing\/","title":{"rendered":"Parque de la Sal, Zipaquir\u00e1, fue sede del Congreso Internacional de Marketing"},"content":{"rendered":"<p>La segunda jornada del Congreso Internacional de Marketing estuvo dedicada a potenciar\u00a0las marcas territoriales del Departamento de\u00a0Cundinamarca.<\/p>\n<p>El \u201cDi\u00e1logo para el Fortalecimiento de las Marcas Territoriales del Departamento de Cundinamarca\u201d se llev\u00f3 a cabo en la Catedral de Sal de Zipaquir\u00e1 en el segundo Congreso Internacional de Marketing, bajo la direcci\u00f3n de la Secretar\u00eda de Relaciones Internacionales y el comit\u00e9 t\u00e9cnico de la Marca Cundinamarca.<\/p>\n<p>Al evento asistieron representantes de PROMPER\u00da,\u00a0la Direcci\u00f3n Nacional de\u00a0la\u00a0Marca Pa\u00eds\u00a0Argentina y PROCOLOMBIA,\u00a0y 19 de los 29 municipios que ya cuentan con su\u00a0propia\u00a0marca\u00a0territorial.<\/p>\n<p>Las actividades de la jornada, que fueron moderadas por Norma Rodr\u00edguez, profesional en finanzas y relaciones internacionales, comenzaron con una invitaci\u00f3n a considerar las marcas propias con objetividad y sin referencia a ideas preconcebidas.<\/p>\n<p>Wilson Garc\u00eda, Alcalde de Zipaquir\u00e1, expres\u00f3: \u00a8Es muy importante resaltar que todos los municipios compartimos el inter\u00e9s por el desarrollo econ\u00f3mico y, por tanto, debemos unirnos en torno suyo para mejorar la calidad de vida de quienes dependen de \u00e9l\u00a8.<\/p>\n<p>Los municipios con marca propia que participaron en el conversatorio, fueron: \u00a0Villapinz\u00f3n, Anolaima, Sibat\u00e9, Ubat\u00e9, Guachet\u00e1, Sutatausa, Carmen de Carupa, Guatavita, Vian\u00ed, Nimaima, La Calera, Cajic\u00e1, Fusagasug\u00e1, Nemoc\u00f3n, Guasca, Ch\u00eda, Sesquil\u00e9, Cachipay y Tabio.<\/p>\n<p>&nbsp;<\/p>\n<p>Por: Paula Andrea Alfonso<\/p>\n<p>Comunicadora \u2013 Periodista<\/p>\n<p>Fuente e imagen: \u00a0Gobernaci\u00f3n de Cundinamarca<\/p>\n<p>&nbsp;<\/p>\n<p>&nbsp;<\/p>\n","protected":false},"excerpt":{"rendered":"<p>La segunda jornada del Congreso Internacional de Marketing estuvo dedicada a potenciar\u00a0las marcas territoriales del Departamento de\u00a0Cundinamarca. El \u201cDi\u00e1logo para el Fortalecimiento de las Marcas Territoriales del Departamento de Cundinamarca\u201d se llev\u00f3 a cabo en la Catedral de Sal de Zipaquir\u00e1 en el segundo Congreso Internacional de Marketing, bajo la direcci\u00f3n de la Secretar\u00eda de [&hellip;]<\/p>\n","protected":false},"author":1,"featured_media":1447,"comment_status":"open","ping_status":"open","sticky":false,"template":"","format":"standard","meta":{"rop_custom_images_group":[],"rop_custom_messages_group":[],"rop_publish_now":"initial","rop_publish_now_accounts":{"facebook_1821922728178256_102311254498371":""},"rop_publish_now_history":[],"rop_publish_now_status":"pending","footnotes":""},"categories":[4],"tags":[],"class_list":["post-1446","post","type-post","status-publish","format-standard","has-post-thumbnail","hentry","category-prensa"],"_links":{"self":[{"href":"https:\/\/stcmedios.com\/index.php\/wp-json\/wp\/v2\/posts\/1446","targetHints":{"allow":["GET"]}}],"collection":[{"href":"https:\/\/stcmedios.com\/index.php\/wp-json\/wp\/v2\/posts"}],"about":[{"href":"https:\/\/stcmedios.com\/index.php\/wp-json\/wp\/v2\/types\/post"}],"author":[{"embeddable":true,"href":"https:\/\/stcmedios.com\/index.php\/wp-json\/wp\/v2\/users\/1"}],"replies":[{"embeddable":true,"href":"https:\/\/stcmedios.com\/index.php\/wp-json\/wp\/v2\/comments?post=1446"}],"version-history":[{"count":0,"href":"https:\/\/stcmedios.com\/index.php\/wp-json\/wp\/v2\/posts\/1446\/revisions"}],"wp:featuredmedia":[{"embeddable":true,"href":"https:\/\/stcmedios.com\/index.php\/wp-json\/wp\/v2\/media\/1447"}],"wp:attachment":[{"href":"https:\/\/stcmedios.com\/index.php\/wp-json\/wp\/v2\/media?parent=1446"}],"wp:term":[{"taxonomy":"category","embeddable":true,"href":"https:\/\/stcmedios.com\/index.php\/wp-json\/wp\/v2\/categories?post=1446"},{"taxonomy":"post_tag","embeddable":true,"href":"https:\/\/stcmedios.com\/index.php\/wp-json\/wp\/v2\/tags?post=1446"}],"curies":[{"name":"wp","href":"https:\/\/api.w.org\/{rel}","templated":true}]}}