{"id":1340,"date":"2023-06-21T11:25:35","date_gmt":"2023-06-21T11:25:35","guid":{"rendered":"https:\/\/stcmedios.com\/?p=1340"},"modified":"2023-06-21T11:25:35","modified_gmt":"2023-06-21T11:25:35","slug":"denuncian-agresion-a-periodista-de-rtvc","status":"publish","type":"post","link":"https:\/\/stcmedios.com\/index.php\/2023\/06\/21\/denuncian-agresion-a-periodista-de-rtvc\/","title":{"rendered":"Denuncian agresi\u00f3n a periodista de RTVC"},"content":{"rendered":"<p><img loading=\"lazy\" decoding=\"async\" class=\"alignleft size-medium wp-image-1341 lazyload\" src=\"data:image\/gif;base64,R0lGODlhAQABAAAAACH5BAEKAAEALAAAAAABAAEAAAICTAEAOw==\" alt=\"\" width=\"300\" height=\"240\" sizes=\"auto, (max-width: 300px) 100vw, 300px\" data-src=\"https:\/\/stcmedios.com\/wp-content\/uploads\/2023\/06\/Captura-de-pantalla-74-300x240.png\" data-srcset=\"https:\/\/stcmedios.com\/wp-content\/uploads\/2023\/06\/Captura-de-pantalla-74-300x240.png 300w, https:\/\/stcmedios.com\/wp-content\/uploads\/2023\/06\/Captura-de-pantalla-74-1024x819.png 1024w, https:\/\/stcmedios.com\/wp-content\/uploads\/2023\/06\/Captura-de-pantalla-74-768x614.png 768w, https:\/\/stcmedios.com\/wp-content\/uploads\/2023\/06\/Captura-de-pantalla-74.png 1280w\">Reportera de RTVC Noticias fue hostigada sufriendo fuertes agresiones mientras cubr\u00eda las marchas en protesta contra el gobierno de del presidente Gustavo Petro.<\/p>\n<p>Al mismo tiempo que las autoridades de polic\u00eda Nacional, afirmaron que las manifestaciones se presentaron en absoluta normalidad y calma. El medio RTVC Noticias report\u00f3 que una de sus periodistas fue hostigada por un n\u00famero de personas que le agredieron.<\/p>\n<p>Seg\u00fan el medio Katy S\u00e1nchez sufri\u00f3 fuertes agresiones cuando estaba haciendo reporter\u00eda de las manifestaciones en la Plaza de Bol\u00edvar. <strong>\u201cUn grupo de al menos 10 personas la rode\u00f3, la insult\u00f3 e intent\u00f3 sacarla de la plaza. Katy fue amenazada y sufri\u00f3 agresiones f\u00edsicas como escupitajos\u201d,\u00a0afirm\u00f3 su compa\u00f1era presentadora Daniela Caballero<\/strong>.<\/p>\n<p>Seg\u00fan la informaci\u00f3n <strong>\u00b4\u00b4las pertenec\u00edas personales de la reportera fueron robadas\u00a0y que se hicieron compras con su tarjeta de cr\u00e9dito\u00b4\u00b4.<\/strong><br \/>\n<strong><br \/>\n\u201cHoy haciendo mi trabajo period\u00edstico, me escupieron, me gritaban cosas \u2018asesina, guerrillera, izquierdosa asquerosa\u2019, me quer\u00edan sacar de la Plaza de Bol\u00edvar. A mi camar\u00f3grafo lo amenazaron,\u00a0\u2018si no se va, le rompemos o da\u00f1amos la c\u00e1mara\u2019, hasta nos saboteaban los directos, me acorralaron y me gritaban\u201d, coment\u00f3 la periodista en sus redes sociales<\/strong>.<\/p>\n<p>Este martes 20 de junio se desarroll\u00f3 una nueva jornada de protestas que se tom\u00f3 las calles de las principales ciudades del pa\u00eds, seg\u00fan los datos, m\u00e1s de 90.000 personas se movilizaron en contra de las tres reformas impulsadas por el gobierno del presidente Gustavo Petro.<\/p>\n<p>&nbsp;<\/p>\n<p>&nbsp;<\/p>\n","protected":false},"excerpt":{"rendered":"<p>Reportera de RTVC Noticias fue hostigada sufriendo fuertes agresiones mientras cubr\u00eda las marchas en protesta contra el gobierno de del presidente Gustavo Petro. Al mismo tiempo que las autoridades de polic\u00eda Nacional, afirmaron que las manifestaciones se presentaron en absoluta normalidad y calma. El medio RTVC Noticias report\u00f3 que una de sus periodistas fue hostigada [&hellip;]<\/p>\n","protected":false},"author":1,"featured_media":1341,"comment_status":"open","ping_status":"open","sticky":false,"template":"","format":"standard","meta":{"rop_custom_images_group":[],"rop_custom_messages_group":[],"rop_publish_now":"initial","rop_publish_now_accounts":{"facebook_1821922728178256_102311254498371":""},"rop_publish_now_history":[],"rop_publish_now_status":"pending","footnotes":""},"categories":[4],"tags":[148,38,30,15],"class_list":["post-1340","post","type-post","status-publish","format-standard","has-post-thumbnail","hentry","category-prensa","tag-fly","tag-gobernacion","tag-periodismo","tag-stcmedios"],"_links":{"self":[{"href":"https:\/\/stcmedios.com\/index.php\/wp-json\/wp\/v2\/posts\/1340","targetHints":{"allow":["GET"]}}],"collection":[{"href":"https:\/\/stcmedios.com\/index.php\/wp-json\/wp\/v2\/posts"}],"about":[{"href":"https:\/\/stcmedios.com\/index.php\/wp-json\/wp\/v2\/types\/post"}],"author":[{"embeddable":true,"href":"https:\/\/stcmedios.com\/index.php\/wp-json\/wp\/v2\/users\/1"}],"replies":[{"embeddable":true,"href":"https:\/\/stcmedios.com\/index.php\/wp-json\/wp\/v2\/comments?post=1340"}],"version-history":[{"count":0,"href":"https:\/\/stcmedios.com\/index.php\/wp-json\/wp\/v2\/posts\/1340\/revisions"}],"wp:featuredmedia":[{"embeddable":true,"href":"https:\/\/stcmedios.com\/index.php\/wp-json\/wp\/v2\/media\/1341"}],"wp:attachment":[{"href":"https:\/\/stcmedios.com\/index.php\/wp-json\/wp\/v2\/media?parent=1340"}],"wp:term":[{"taxonomy":"category","embeddable":true,"href":"https:\/\/stcmedios.com\/index.php\/wp-json\/wp\/v2\/categories?post=1340"},{"taxonomy":"post_tag","embeddable":true,"href":"https:\/\/stcmedios.com\/index.php\/wp-json\/wp\/v2\/tags?post=1340"}],"curies":[{"name":"wp","href":"https:\/\/api.w.org\/{rel}","templated":true}]}}