{"id":1314,"date":"2023-06-15T12:37:38","date_gmt":"2023-06-15T12:37:38","guid":{"rendered":"https:\/\/stcmedios.com\/?p=1314"},"modified":"2023-06-15T12:37:38","modified_gmt":"2023-06-15T12:37:38","slug":"recorrido-en-bicicleta-mina-de-sal-de-nemocon","status":"publish","type":"post","link":"https:\/\/stcmedios.com\/index.php\/2023\/06\/15\/recorrido-en-bicicleta-mina-de-sal-de-nemocon\/","title":{"rendered":"Recorrido en bicicleta- Mina de Sal de Nemoc\u00f3n"},"content":{"rendered":"<div dir=\"auto\"><img loading=\"lazy\" decoding=\"async\" class=\"alignleft size-medium wp-image-1315 lazyload\" src=\"data:image\/gif;base64,R0lGODlhAQABAAAAACH5BAEKAAEALAAAAAABAAEAAAICTAEAOw==\" alt=\"\" width=\"300\" height=\"300\" sizes=\"auto, (max-width: 300px) 100vw, 300px\" data-src=\"https:\/\/stcmedios.com\/wp-content\/uploads\/2023\/06\/WhatsApp-Image-2023-06-14-at-12.24.36-PM-300x300.jpeg\" data-srcset=\"https:\/\/stcmedios.com\/wp-content\/uploads\/2023\/06\/WhatsApp-Image-2023-06-14-at-12.24.36-PM-300x300.jpeg 300w, https:\/\/stcmedios.com\/wp-content\/uploads\/2023\/06\/WhatsApp-Image-2023-06-14-at-12.24.36-PM-1024x1024.jpeg 1024w, https:\/\/stcmedios.com\/wp-content\/uploads\/2023\/06\/WhatsApp-Image-2023-06-14-at-12.24.36-PM-150x150.jpeg 150w, https:\/\/stcmedios.com\/wp-content\/uploads\/2023\/06\/WhatsApp-Image-2023-06-14-at-12.24.36-PM-768x768.jpeg 768w, https:\/\/stcmedios.com\/wp-content\/uploads\/2023\/06\/WhatsApp-Image-2023-06-14-at-12.24.36-PM.jpeg 1080w\"><\/div>\n<div dir=\"auto\"><\/div>\n<div dir=\"auto\"><\/div>\n<div dir=\"auto\"><\/div>\n<div dir=\"auto\"><\/div>\n<div dir=\"auto\"><\/div>\n<div dir=\"auto\">\u00ab\u00bfTe atreves a pedalear 80 metros bajo tierra? \u00danete a nuestro emocionante recorrido en bicicleta por los t\u00faneles de la mina de sal de Nemoc\u00f3n. \u00a1Una aventura \u00fanica que nunca olvidar\u00e1s! Programa tu bici recorrido con tus amigos al 3123721923<\/div>\n","protected":false},"excerpt":{"rendered":"<p>\u00ab\u00bfTe atreves a pedalear 80 metros bajo tierra? \u00danete a nuestro emocionante recorrido en bicicleta por los t\u00faneles de la mina de sal de Nemoc\u00f3n. \u00a1Una aventura \u00fanica que nunca olvidar\u00e1s! Programa tu bici recorrido con tus amigos al 3123721923<\/p>\n","protected":false},"author":1,"featured_media":1315,"comment_status":"open","ping_status":"open","sticky":false,"template":"","format":"standard","meta":{"rop_custom_images_group":[],"rop_custom_messages_group":[],"rop_publish_now":"initial","rop_publish_now_accounts":{"facebook_1821922728178256_102311254498371":""},"rop_publish_now_history":[],"rop_publish_now_status":"pending","footnotes":""},"categories":[4],"tags":[89,92,25,100],"class_list":["post-1314","post","type-post","status-publish","format-standard","has-post-thumbnail","hentry","category-prensa","tag-mina-de-sal-nemocon","tag-ministerio-de-cultura","tag-stcregion","tag-turismo"],"_links":{"self":[{"href":"https:\/\/stcmedios.com\/index.php\/wp-json\/wp\/v2\/posts\/1314","targetHints":{"allow":["GET"]}}],"collection":[{"href":"https:\/\/stcmedios.com\/index.php\/wp-json\/wp\/v2\/posts"}],"about":[{"href":"https:\/\/stcmedios.com\/index.php\/wp-json\/wp\/v2\/types\/post"}],"author":[{"embeddable":true,"href":"https:\/\/stcmedios.com\/index.php\/wp-json\/wp\/v2\/users\/1"}],"replies":[{"embeddable":true,"href":"https:\/\/stcmedios.com\/index.php\/wp-json\/wp\/v2\/comments?post=1314"}],"version-history":[{"count":0,"href":"https:\/\/stcmedios.com\/index.php\/wp-json\/wp\/v2\/posts\/1314\/revisions"}],"wp:featuredmedia":[{"embeddable":true,"href":"https:\/\/stcmedios.com\/index.php\/wp-json\/wp\/v2\/media\/1315"}],"wp:attachment":[{"href":"https:\/\/stcmedios.com\/index.php\/wp-json\/wp\/v2\/media?parent=1314"}],"wp:term":[{"taxonomy":"category","embeddable":true,"href":"https:\/\/stcmedios.com\/index.php\/wp-json\/wp\/v2\/categories?post=1314"},{"taxonomy":"post_tag","embeddable":true,"href":"https:\/\/stcmedios.com\/index.php\/wp-json\/wp\/v2\/tags?post=1314"}],"curies":[{"name":"wp","href":"https:\/\/api.w.org\/{rel}","templated":true}]}}