{"id":1237,"date":"2023-05-30T15:13:55","date_gmt":"2023-05-30T15:13:55","guid":{"rendered":"https:\/\/stcmedios.com\/?p=1237"},"modified":"2023-05-30T15:13:55","modified_gmt":"2023-05-30T15:13:55","slug":"todo-listo-para-vitritur-2023","status":"publish","type":"post","link":"https:\/\/stcmedios.com\/index.php\/2023\/05\/30\/todo-listo-para-vitritur-2023\/","title":{"rendered":"Todo listo para Vitritur 2023"},"content":{"rendered":"<p><div class='wpo_youtube_preview_container'><img src=\"https:\/\/stcmedios.com\/wp-content\/cache\/wpo-youtube-thumbnails\/nlWmBcA_8h0-maxresdefault.jpg\" class=\"wpo_youtube_preview\" data-video-url=\"https:\/\/www.youtube.com\/embed\/nlWmBcA_8h0?feature=oembed\" alt=\"YouTube thumbnail\" data-iframe-attr=\"{&quot;loading&quot;:&quot;lazy&quot;,&quot;title&quot;:&quot;Invitaci\\u00f3n a Vitritur 2023&quot;,&quot;width&quot;:&quot;640&quot;,&quot;height&quot;:&quot;360&quot;,&quot;src&quot;:&quot;https:\\\/\\\/www.youtube.com\\\/embed\\\/nlWmBcA_8h0?feature=oembed&quot;,&quot;frameborder&quot;:&quot;0&quot;,&quot;allow&quot;:&quot;accelerometer; autoplay; clipboard-write; encrypted-media; gyroscope; picture-in-picture; web-share&quot;,&quot;referrerpolicy&quot;:&quot;strict-origin-when-cross-origin&quot;,&quot;allowfullscreen&quot;:&quot;&quot;}\"\/><span class=\"wpo_youtube_preview_overlay\"><img src=\"https:\/\/stcmedios.com\/wp-content\/plugins\/wp-optimize-premium\/images\/icon\/icons8-youtube-96.svg\" alt=\"YouTube icon\"\/><\/span><\/div><\/p>\n<div class=\"xdj266r x11i5rnm xat24cr x1mh8g0r x1vvkbs x126k92a\">\n<div dir=\"auto\">Todo listo para el gran evento de Cundinamarca, Vitritur 2023, en el Parque Jaime Duque el pr\u00f3ximo 31 de mayo de 2023.<\/div>\n<div dir=\"auto\">Di\u00e1logo con el Dr. Ricardo Agudelo &#8211; Gerente RAPE Regi\u00f3n Central.<\/div>\n<\/div>\n<div class=\"x11i5rnm xat24cr x1mh8g0r x1vvkbs xtlvy1s x126k92a\">\n<div dir=\"auto\">Espacio Institucional de la C\u00e1mara de Comercio de Bogot\u00e1.<\/div>\n<\/div>\n","protected":false},"excerpt":{"rendered":"<p>Todo listo para el gran evento de Cundinamarca, Vitritur 2023, en el Parque Jaime Duque el pr\u00f3ximo 31 de mayo de 2023. Di\u00e1logo con el Dr. Ricardo Agudelo &#8211; Gerente RAPE Regi\u00f3n Central. Espacio Institucional de la C\u00e1mara de Comercio de Bogot\u00e1.<\/p>\n","protected":false},"author":1,"featured_media":1238,"comment_status":"open","ping_status":"open","sticky":false,"template":"","format":"standard","meta":{"rop_custom_images_group":[],"rop_custom_messages_group":[],"rop_publish_now":"initial","rop_publish_now_accounts":{"facebook_1821922728178256_102311254498371":""},"rop_publish_now_history":[],"rop_publish_now_status":"pending","footnotes":""},"categories":[5],"tags":[147,18,97,38,92,30,25],"class_list":["post-1237","post","type-post","status-publish","format-standard","has-post-thumbnail","hentry","category-cultura","tag-camara-de-comercio-de-bogota","tag-car-cundinamarca","tag-cultura","tag-gobernacion","tag-ministerio-de-cultura","tag-periodismo","tag-stcregion"],"_links":{"self":[{"href":"https:\/\/stcmedios.com\/index.php\/wp-json\/wp\/v2\/posts\/1237","targetHints":{"allow":["GET"]}}],"collection":[{"href":"https:\/\/stcmedios.com\/index.php\/wp-json\/wp\/v2\/posts"}],"about":[{"href":"https:\/\/stcmedios.com\/index.php\/wp-json\/wp\/v2\/types\/post"}],"author":[{"embeddable":true,"href":"https:\/\/stcmedios.com\/index.php\/wp-json\/wp\/v2\/users\/1"}],"replies":[{"embeddable":true,"href":"https:\/\/stcmedios.com\/index.php\/wp-json\/wp\/v2\/comments?post=1237"}],"version-history":[{"count":0,"href":"https:\/\/stcmedios.com\/index.php\/wp-json\/wp\/v2\/posts\/1237\/revisions"}],"wp:featuredmedia":[{"embeddable":true,"href":"https:\/\/stcmedios.com\/index.php\/wp-json\/wp\/v2\/media\/1238"}],"wp:attachment":[{"href":"https:\/\/stcmedios.com\/index.php\/wp-json\/wp\/v2\/media?parent=1237"}],"wp:term":[{"taxonomy":"category","embeddable":true,"href":"https:\/\/stcmedios.com\/index.php\/wp-json\/wp\/v2\/categories?post=1237"},{"taxonomy":"post_tag","embeddable":true,"href":"https:\/\/stcmedios.com\/index.php\/wp-json\/wp\/v2\/tags?post=1237"}],"curies":[{"name":"wp","href":"https:\/\/api.w.org\/{rel}","templated":true}]}}