{"id":1099,"date":"2023-05-10T23:12:44","date_gmt":"2023-05-10T23:12:44","guid":{"rendered":"https:\/\/stcmedios.com\/?p=1099"},"modified":"2023-05-10T23:12:44","modified_gmt":"2023-05-10T23:12:44","slug":"ley-del-arbolla-oportunidad-de-ser-parte-de-la-vida","status":"publish","type":"post","link":"https:\/\/stcmedios.com\/index.php\/2023\/05\/10\/ley-del-arbolla-oportunidad-de-ser-parte-de-la-vida\/","title":{"rendered":"Ley del \u00c1rbol\u2026la oportunidad de ser parte de la vida"},"content":{"rendered":"<p>Tan solo a un d\u00eda de finalizar el a\u00f1o 2021, recibimos un regalo anticipado de a\u00f1o nuevo por parte del Senado de la Rep\u00fablica de Colombia, la publicaci\u00f3n de la ley 2173 o mejor conocida como la ley del \u00e1rbol es una normatividad que busca que todos hagamos parte de la restauraci\u00f3n ecol\u00f3gica a trav\u00e9s de la siembra de \u00e1rboles en los municipios de Colombia, contribuyendo as\u00ed al cambio y a la conciencia ambiental que tantos necesitamos.<\/p>\n<p>En primera instancia, la ley faculta a los municipios para que definan \u00e1reas de vida dentro de su territorio. Las \u00e1reas de vida son zonas geogr\u00e1ficas destinadas exclusivamente a la restauraci\u00f3n ecol\u00f3gica y a la siembra de \u00e1rboles nativos. En este hecho se encuentra la primera oportunidad de cambio, debido a que los futuros planes de ordenamiento territorial se deben concebir desde una \u00f3ptica diferente, en caminada a la conservaci\u00f3n y el crecimiento de \u00e1reas verdes, y no desde la \u00f3ptica tradicional de establecer zonas de expansi\u00f3n destinadas exclusivamente a la construcci\u00f3n de majestuosas obras pensadas para el lucro de unos pocos, y amparadas en la tradicional y falsa excusa de que contribuyen al desarrollo de los municipios.<\/p>\n<p>Las empresas medianas y grandes del pa\u00eds asumen un papel protag\u00f3nico con esta normatividad, debido a que estas\u00a0 son las principales aliadas a la hora de generar conciencia ambiental, y se vuelven aliadas debido a que cada a\u00f1o deben \u00a0sembrar un m\u00ednimo de dos \u00e1rboles por cada uno de los empleados que hagan parte de su n\u00f3mina; y es de recordar que en Colombia una empresa mediana es aquella\u00a0 que tienen activos superiores 501 SMLV y mas de 51 empleados, y una empresa grande es aquella que cuente con activos de m\u00e1s 5.001 SMLV y m\u00e1s 201 empleados. Por tomar un ejemplo con tan solo una empresa de 200 empleados se van sembrar 400 arboles en un a\u00f1o y en 5 a\u00f1os ser\u00edan 2.000 \u00e1rboles, y son estas din\u00e1micas legales las que van permitir que las empresas ya no solo sean agentes sociales y econ\u00f3micos, sino que tambi\u00e9n se vuelvan agentes ambientales y de conciencia social.<\/p>\n<p>Nosotros los ciudadanos tambi\u00e9n formamos parte de la ley, porque cada persona que desee reforestar recibir\u00e1 un certificado por parte de la secretaria de ambiente de cada municipio denominado CERTIFICADO SIEMBRA VIDA BUEN CIUDADANO; y no es un solo reconocimiento por una labor de impacto, sino que tambi\u00e9n otorga descuentos en tr\u00e1mites de matr\u00edculas de universidades, legalizaci\u00f3n de documentos, tr\u00e1mites de registros civiles, expedici\u00f3n de tarjetas profesionales, descuento en el pago de servicios p\u00fablicos y muchos m\u00e1s beneficios.<\/p>\n<p>Estamos ante una ley que ha tenido en cuenta a cada unos de los actores de la sociedad para formar parte de la nueva conciencia ambiental en Colombia, todo lo que se ha descrito en estas l\u00ednea es de gran inter\u00e9s e importancia, pero lamentablemente hasta el d\u00eda de hoy, ya son casi 15 meses en donde no hemos podido aprovechar los beneficios de esta ley debido a lo contemplado en el articulo 19 de\u00a0 la misma <strong>\u201cEl Ministerio de Medio Ambiente reglamentar\u00e1 la presente ley y establecer\u00e1 las excepciones para el cumplimiento de la misma, dentro de los seis (6) meses despu\u00e9s de la expedici\u00f3n de esta ley\u201d.<\/strong><\/p>\n<p>Con el fin de entender el \u00bfpor qu\u00e9? No contamos todav\u00eda con el decreto reglamentario se radic\u00f3 un derecho de petici\u00f3n No 40042023E2007537 ante el Ministerio De Ambiente y Desarrollo Sostenible. \u00a0En donde el ministerio expresa que la ley se encuentra en la direcci\u00f3n de Bosques, Biodiversidad y Servicios Ecosist\u00e9micos, atendiendo las observaciones dadas por la Oficina Jur\u00eddica del Ministerio, y una vez superado este proceso debe contar con el visto bueno del Viceministro\u00a0 de Pol\u00edticas y Normalizaci\u00f3n Ambiental, y debe contar nuevamente con el aval de la oficina Jur\u00eddica, Como se pude apreciar despu\u00e9s de casi 15 meses a\u00fan no hay una luz para este decreto y muy seguramente todav\u00eda falten meses para el mismo. Y la falta de celeridad y la burocracia de las entidades estatales, nos quiten las oportunidades reales de transformaci\u00f3n.<\/p>\n<p>&nbsp;<\/p>\n<p>Vengo de Cajic\u00e1 de un municipio lleno de alegr\u00eda, de gente trabajadora y apasionada, Un municipio que hace unos a\u00f1os contaba con grandes espacios verdes y una tranquilidad sin igual, pero que hoy en d\u00eda ya no es el pueblito de antes sino una ciudad de grandes edificios y peque\u00f1as calles. Una ciudad que desde hace unas d\u00e9cadas sacrific\u00f3 la idiosincrasia de su pueblo y sus espacios verdes, por un plan de crecimiento sin planeaci\u00f3n y que hoy en d\u00eda nos tiene con problemas de agua, movilidad, transporte y seguridad. Tan solo el 20% del municipio son zonas verdes y algunas de estas zonas son sitios de aprovechamiento forestal para privados.<\/p>\n<p>Por lo descrito en l\u00edneas anteriores considero que la ley de \u00c1rbol es una oportunidad para mi municipio que pide a gritos, no m\u00e1s construcciones, es la oportunidad que tenemos de mantener e incrementar nuestras zonas verdes, de recuperar los espacios h\u00eddricos del municipio y sobre todo el de poder retribuir en algo todo lo que hemos recibido de nuestro entorno. Agradezco estos espacios que me permite multiplicar esta lucha que se realiza no solo para Cajic\u00e1 sino para todos esos municipios que todav\u00eda tiene la oportunidad de mitigar los efectos negativos de un crecimiento desordenado en sus construcciones, que al final de todo tiene un efecto negativo del entorno\u2026. Y espero que este mensaje llegue al Ministerio de Ambiente y al Gobierno Central para que se agilicen los procesos y podamos contar con la oportunidad de cambiar y mejorar nuestro medio ambiente.<\/p>\n<p>Por:<\/p>\n<p>Juan Camilo Bello Alonso un ciudadano preocupado por su gente y su entorno.<\/p>\n","protected":false},"excerpt":{"rendered":"<p>Tan solo a un d\u00eda de finalizar el a\u00f1o 2021, recibimos un regalo anticipado de a\u00f1o nuevo por parte del Senado de la Rep\u00fablica de Colombia, la publicaci\u00f3n de la ley 2173 o mejor conocida como la ley del \u00e1rbol es una normatividad que busca que todos hagamos parte de la restauraci\u00f3n ecol\u00f3gica a trav\u00e9s [&hellip;]<\/p>\n","protected":false},"author":1,"featured_media":1102,"comment_status":"open","ping_status":"open","sticky":false,"template":"","format":"standard","meta":{"rop_custom_images_group":[],"rop_custom_messages_group":[],"rop_publish_now":"initial","rop_publish_now_accounts":{"facebook_1821922728178256_102311254498371":""},"rop_publish_now_history":[],"rop_publish_now_status":"pending","footnotes":""},"categories":[4],"tags":[],"class_list":["post-1099","post","type-post","status-publish","format-standard","has-post-thumbnail","hentry","category-prensa"],"_links":{"self":[{"href":"https:\/\/stcmedios.com\/index.php\/wp-json\/wp\/v2\/posts\/1099","targetHints":{"allow":["GET"]}}],"collection":[{"href":"https:\/\/stcmedios.com\/index.php\/wp-json\/wp\/v2\/posts"}],"about":[{"href":"https:\/\/stcmedios.com\/index.php\/wp-json\/wp\/v2\/types\/post"}],"author":[{"embeddable":true,"href":"https:\/\/stcmedios.com\/index.php\/wp-json\/wp\/v2\/users\/1"}],"replies":[{"embeddable":true,"href":"https:\/\/stcmedios.com\/index.php\/wp-json\/wp\/v2\/comments?post=1099"}],"version-history":[{"count":0,"href":"https:\/\/stcmedios.com\/index.php\/wp-json\/wp\/v2\/posts\/1099\/revisions"}],"wp:featuredmedia":[{"embeddable":true,"href":"https:\/\/stcmedios.com\/index.php\/wp-json\/wp\/v2\/media\/1102"}],"wp:attachment":[{"href":"https:\/\/stcmedios.com\/index.php\/wp-json\/wp\/v2\/media?parent=1099"}],"wp:term":[{"taxonomy":"category","embeddable":true,"href":"https:\/\/stcmedios.com\/index.php\/wp-json\/wp\/v2\/categories?post=1099"},{"taxonomy":"post_tag","embeddable":true,"href":"https:\/\/stcmedios.com\/index.php\/wp-json\/wp\/v2\/tags?post=1099"}],"curies":[{"name":"wp","href":"https:\/\/api.w.org\/{rel}","templated":true}]}}