{"id":1032,"date":"2023-05-05T13:09:52","date_gmt":"2023-05-05T13:09:52","guid":{"rendered":"https:\/\/stcmedios.com\/?p=1032"},"modified":"2023-05-05T13:09:52","modified_gmt":"2023-05-05T13:09:52","slug":"miles-de-arboles-se-encuentran-sembrados-en-municipios-de-cundinamarca-y-se-busca-llegar-al-millon","status":"publish","type":"post","link":"https:\/\/stcmedios.com\/index.php\/2023\/05\/05\/miles-de-arboles-se-encuentran-sembrados-en-municipios-de-cundinamarca-y-se-busca-llegar-al-millon\/","title":{"rendered":"Miles de \u00e1rboles se encuentran sembrados en municipios de Cundinamarca y se busca llegar al mill\u00f3n"},"content":{"rendered":"<p>Para lograr mejoras en la calidad del ambiente en diferentes zonas de Bogot\u00e1 y Cundinamarca, la Corporaci\u00f3n Ambiental Regional (CAR) se propone a sembrar un total de un mill\u00f3n de \u00e1rboles en las cuencas de los r\u00edos Bogot\u00e1 y Ubat\u00e9, de los cuales 45 mil ya se encuentran sembrados.<\/p>\n<p>Por parte del municipio de Ubat\u00e9, la alcald\u00eda municipal adquiri\u00f3 un terreno de 46 hect\u00e1reas en las cuales se encuentran cinco nacederos de agua que est\u00e1n encargados de surtir al embalse El Hato y al r\u00edo Ubat\u00e9. \u201cTenemos la tarea de implementar acciones de rehabilitaci\u00f3n ecol\u00f3gica\u201d afirm\u00f3 el ingeniero forestal de la CAR, Linardo Espitia.<\/p>\n<p>En el caso de la cuenca del r\u00edo Bogot\u00e1, la CAR afirma que el Consorcio T\u00edbar es el encargado de esta siembra de \u00e1rboles, donde ya se han sembrado m\u00e1s de 17 mil arboles en los municipios: Cota, Sop\u00f3, Tabio, El Rosal, Tenjo y la vereda Chorrillos ubicada en la localidad de Suba en Bogot\u00e1, y seg\u00fan las afirmaciones de los profesionales de la entidad, tambi\u00e9n se tienen proyectadas otras siembres en Zipaquir\u00e1, San Antonio del Tequendama, Apulo y El Colegio; y as\u00ed se alcanzar\u00e1 la meta establecida del mill\u00f3n de \u00e1rboles.<\/p>\n<h5>Imagen referencia tomada de banco de fotos.<\/h5>\n","protected":false},"excerpt":{"rendered":"<p>Para lograr mejoras en la calidad del ambiente en diferentes zonas de Bogot\u00e1 y Cundinamarca, la Corporaci\u00f3n Ambiental Regional (CAR) se propone a sembrar un total de un mill\u00f3n de \u00e1rboles en las cuencas de los r\u00edos Bogot\u00e1 y Ubat\u00e9, de los cuales 45 mil ya se encuentran sembrados. Por parte del municipio de Ubat\u00e9, [&hellip;]<\/p>\n","protected":false},"author":1,"featured_media":1033,"comment_status":"open","ping_status":"open","sticky":false,"template":"","format":"standard","meta":{"rop_custom_images_group":[],"rop_custom_messages_group":[],"rop_publish_now":"initial","rop_publish_now_accounts":{"facebook_1821922728178256_102311254498371":""},"rop_publish_now_history":[],"rop_publish_now_status":"pending","footnotes":""},"categories":[4],"tags":[52,128,17,127],"class_list":["post-1032","post","type-post","status-publish","format-standard","has-post-thumbnail","hentry","category-prensa","tag-bogota","tag-car","tag-cundinamarca","tag-medio-ambiente"],"_links":{"self":[{"href":"https:\/\/stcmedios.com\/index.php\/wp-json\/wp\/v2\/posts\/1032","targetHints":{"allow":["GET"]}}],"collection":[{"href":"https:\/\/stcmedios.com\/index.php\/wp-json\/wp\/v2\/posts"}],"about":[{"href":"https:\/\/stcmedios.com\/index.php\/wp-json\/wp\/v2\/types\/post"}],"author":[{"embeddable":true,"href":"https:\/\/stcmedios.com\/index.php\/wp-json\/wp\/v2\/users\/1"}],"replies":[{"embeddable":true,"href":"https:\/\/stcmedios.com\/index.php\/wp-json\/wp\/v2\/comments?post=1032"}],"version-history":[{"count":0,"href":"https:\/\/stcmedios.com\/index.php\/wp-json\/wp\/v2\/posts\/1032\/revisions"}],"wp:featuredmedia":[{"embeddable":true,"href":"https:\/\/stcmedios.com\/index.php\/wp-json\/wp\/v2\/media\/1033"}],"wp:attachment":[{"href":"https:\/\/stcmedios.com\/index.php\/wp-json\/wp\/v2\/media?parent=1032"}],"wp:term":[{"taxonomy":"category","embeddable":true,"href":"https:\/\/stcmedios.com\/index.php\/wp-json\/wp\/v2\/categories?post=1032"},{"taxonomy":"post_tag","embeddable":true,"href":"https:\/\/stcmedios.com\/index.php\/wp-json\/wp\/v2\/tags?post=1032"}],"curies":[{"name":"wp","href":"https:\/\/api.w.org\/{rel}","templated":true}]}}